{"id":271,"date":"2017-01-05T14:42:09","date_gmt":"2017-01-05T13:42:09","guid":{"rendered":"http:\/\/juliengilles-ski.com\/ski\/?p=271"},"modified":"2017-01-05T20:03:06","modified_gmt":"2017-01-05T19:03:06","slug":"sarenne-avec-ivann-et-lou","status":"publish","type":"post","link":"https:\/\/juliengilles-ski.com\/ski\/fr\/2017\/01\/05\/sarenne-avec-ivann-et-lou\/","title":{"rendered":"Kids Snowboard Alpe d&rsquo;Huez &#8211; 31\/12\/2016"},"content":{"rendered":"<p>Taux d&rsquo;abstention record samedi dernier en raison des vacances en famille et de la grippe. L&rsquo;apr\u00e8s-midi s&rsquo;est donc transform\u00e9e en cours particulier multi-fonctions pour Ivann et Lou; seuls pr\u00e9sents.<\/p>\n<p>Technique, corrections,\u00a0mais surtout une premi\u00e8re sur Sarenne et des essais de cam\u00e9ra pour nos futurs shooting freestyle endiabl\u00e9s sur le park, enfin quand on aura un park ! \ud83d\ude09<\/p>\n<p>Voici les quelques images, starring :<\/p>\n<div id='gallery-1' class='gallery galleryid-271 gallery-columns-2 gallery-size-large'><figure class='gallery-item'>\n\t\t\t<div class='gallery-icon landscape'>\n\t\t\t\t<a href='https:\/\/juliengilles-ski.com\/ski\/wp-content\/uploads\/2017\/01\/lou_vignette_small.jpg'><img loading=\"lazy\" decoding=\"async\" width=\"600\" height=\"600\" src=\"https:\/\/juliengilles-ski.com\/ski\/wp-content\/uploads\/2017\/01\/lou_vignette_small-1024x1024.jpg\" class=\"attachment-large size-large\" alt=\"\" aria-describedby=\"gallery-1-273\" srcset=\"https:\/\/juliengilles-ski.com\/ski\/wp-content\/uploads\/2017\/01\/lou_vignette_small-1024x1024.jpg 1024w, https:\/\/juliengilles-ski.com\/ski\/wp-content\/uploads\/2017\/01\/lou_vignette_small-150x150.jpg 150w, https:\/\/juliengilles-ski.com\/ski\/wp-content\/uploads\/2017\/01\/lou_vignette_small-300x300.jpg 300w, https:\/\/juliengilles-ski.com\/ski\/wp-content\/uploads\/2017\/01\/lou_vignette_small-768x768.jpg 768w, https:\/\/juliengilles-ski.com\/ski\/wp-content\/uploads\/2017\/01\/lou_vignette_small-600x600.jpg 600w, https:\/\/juliengilles-ski.com\/ski\/wp-content\/uploads\/2017\/01\/lou_vignette_small.jpg 1080w\" sizes=\"auto, (max-width: 600px) 100vw, 600px\" \/><\/a>\n\t\t\t<\/div>\n\t\t\t\t<figcaption class='wp-caption-text gallery-caption' id='gallery-1-273'>\n\t\t\t\tLou!\n\t\t\t\t<\/figcaption><\/figure><figure class='gallery-item'>\n\t\t\t<div class='gallery-icon landscape'>\n\t\t\t\t<a href='https:\/\/juliengilles-ski.com\/ski\/wp-content\/uploads\/2017\/01\/Ivann_vignette_small.jpg'><img loading=\"lazy\" decoding=\"async\" width=\"600\" height=\"600\" src=\"https:\/\/juliengilles-ski.com\/ski\/wp-content\/uploads\/2017\/01\/Ivann_vignette_small-1024x1024.jpg\" class=\"attachment-large size-large\" alt=\"\" aria-describedby=\"gallery-1-272\" srcset=\"https:\/\/juliengilles-ski.com\/ski\/wp-content\/uploads\/2017\/01\/Ivann_vignette_small-1024x1024.jpg 1024w, https:\/\/juliengilles-ski.com\/ski\/wp-content\/uploads\/2017\/01\/Ivann_vignette_small-150x150.jpg 150w, https:\/\/juliengilles-ski.com\/ski\/wp-content\/uploads\/2017\/01\/Ivann_vignette_small-300x300.jpg 300w, https:\/\/juliengilles-ski.com\/ski\/wp-content\/uploads\/2017\/01\/Ivann_vignette_small-768x768.jpg 768w, https:\/\/juliengilles-ski.com\/ski\/wp-content\/uploads\/2017\/01\/Ivann_vignette_small-600x600.jpg 600w, https:\/\/juliengilles-ski.com\/ski\/wp-content\/uploads\/2017\/01\/Ivann_vignette_small.jpg 1080w\" sizes=\"auto, (max-width: 600px) 100vw, 600px\" \/><\/a>\n\t\t\t<\/div>\n\t\t\t\t<figcaption class='wp-caption-text gallery-caption' id='gallery-1-272'>\n\t\t\t\tIvann!\n\t\t\t\t<\/figcaption><\/figure>\n\t\t<\/div>\n\n<p><iframe loading=\"lazy\" title=\"Kids Snowboard Alpe d&#039;Huez - 31\/12\/2016\" width=\"600\" height=\"338\" src=\"https:\/\/www.youtube.com\/embed\/qW2TSOZ9YXc?feature=oembed\" frameborder=\"0\" allow=\"accelerometer; autoplay; clipboard-write; encrypted-media; gyroscope; picture-in-picture; web-share\" referrerpolicy=\"strict-origin-when-cross-origin\" allowfullscreen><\/iframe><\/p>\n<p>&nbsp;<\/p>\n","protected":false},"excerpt":{"rendered":"<p>Taux d&rsquo;abstention record samedi dernier en raison des vacances en famille et de la grippe. L&rsquo;apr\u00e8s-midi s&rsquo;est donc transform\u00e9e en cours particulier multi-fonctions pour Ivann et Lou; seuls pr\u00e9sents. Technique, corrections,\u00a0mais surtout une premi\u00e8re sur Sarenne et des essais de &#8230; <a class=\"more-link\" href=\"https:\/\/juliengilles-ski.com\/ski\/fr\/2017\/01\/05\/sarenne-avec-ivann-et-lou\/\">Read More &raquo;<\/a><\/p>\n","protected":false},"author":1,"featured_media":0,"comment_status":"open","ping_status":"closed","sticky":false,"template":"","format":"standard","meta":{"footnotes":""},"categories":[35,23,25],"tags":[54,58,56,60,78],"class_list":["post-271","post","type-post","status-publish","format-standard","hentry","category-cours-de-snowboard","category-photos","category-videos","tag-kids-snowboard","tag-pic-blanc","tag-sarenne","tag-snowboard","tag-videos"],"_links":{"self":[{"href":"https:\/\/juliengilles-ski.com\/ski\/wp-json\/wp\/v2\/posts\/271","targetHints":{"allow":["GET"]}}],"collection":[{"href":"https:\/\/juliengilles-ski.com\/ski\/wp-json\/wp\/v2\/posts"}],"about":[{"href":"https:\/\/juliengilles-ski.com\/ski\/wp-json\/wp\/v2\/types\/post"}],"author":[{"embeddable":true,"href":"https:\/\/juliengilles-ski.com\/ski\/wp-json\/wp\/v2\/users\/1"}],"replies":[{"embeddable":true,"href":"https:\/\/juliengilles-ski.com\/ski\/wp-json\/wp\/v2\/comments?post=271"}],"version-history":[{"count":2,"href":"https:\/\/juliengilles-ski.com\/ski\/wp-json\/wp\/v2\/posts\/271\/revisions"}],"predecessor-version":[{"id":275,"href":"https:\/\/juliengilles-ski.com\/ski\/wp-json\/wp\/v2\/posts\/271\/revisions\/275"}],"wp:attachment":[{"href":"https:\/\/juliengilles-ski.com\/ski\/wp-json\/wp\/v2\/media?parent=271"}],"wp:term":[{"taxonomy":"category","embeddable":true,"href":"https:\/\/juliengilles-ski.com\/ski\/wp-json\/wp\/v2\/categories?post=271"},{"taxonomy":"post_tag","embeddable":true,"href":"https:\/\/juliengilles-ski.com\/ski\/wp-json\/wp\/v2\/tags?post=271"}],"curies":[{"name":"wp","href":"https:\/\/api.w.org\/{rel}","templated":true}]}}